{"id":7983,"date":"2024-10-21T09:51:31","date_gmt":"2024-10-21T12:51:31","guid":{"rendered":"https:\/\/itaseguroviagem.com.br\/?p=7983"},"modified":"2025-10-08T15:40:04","modified_gmt":"2025-10-08T18:40:04","slug":"melhor-epoca-para-viajar-para-colombia","status":"publish","type":"post","link":"https:\/\/itaseguroviagem.com.br\/blog\/melhor-epoca-para-viajar-para-colombia\/","title":{"rendered":"Qual \u00e9 a melhor \u00e9poca para viajar para a Col\u00f4mbia? Descubra tudo sobre o destino!"},"content":{"rendered":"\n<p>Decidir qual \u00e9 a <strong>melhor \u00e9poca para viajar para a Col\u00f4mbia<\/strong> depende dos seus planos para essa aventura. O pa\u00eds \u00e9 um destino vers\u00e1til e cheio de surpresas, com um clima que varia conforme a regi\u00e3o e a altitude!<\/p>\n\n\n\n<p>Escolher <strong>o que fazer na Col\u00f4mbia <\/strong>pode parecer dif\u00edcil a princ\u00edpio, j\u00e1 que o pa\u00eds tem praias paradis\u00edacas, cidades hist\u00f3ricas e um ecoturismo bem diverso. Se voc\u00ea est\u00e1 em d\u00favida entre os destinos colombianos, veja algumas dicas para cada esta\u00e7\u00e3o!<\/p>\n\n\n\n<h2 class=\"wp-block-heading\">Ver\u00e3o<\/h2>\n\n\n\n<p><strong>Viajar para a Col\u00f4mbia <\/strong>durante o ver\u00e3o \u00e9 uma op\u00e7\u00e3o incr\u00edvel para conhecer as bel\u00edssimas praias caribenhas! Vale lembrar que essa esta\u00e7\u00e3o acontece de junho a setembro, j\u00e1 que a maior parte do pa\u00eds fica no Hemisf\u00e9rio Norte.<\/p>\n\n\n\n<p>Essa \u00e9 a melhor \u00e9poca para viajar para a Col\u00f4mbia e visitar as cidades de Cartagena e Santa Marta, muito populares pelas praias de \u00e1guas cristalinas. Como o per\u00edodo \u00e9 de alta temporada, vale lembrar que os pre\u00e7os podem estar mais altos. O n\u00famero de turistas tamb\u00e9m aumenta nessa esta\u00e7\u00e3o.<\/p>\n\n\n\n<p>Um dos principais <a href=\"https:\/\/itaseguroviagem.com.br\/blog\/pontos-turisticos-da-colombia\/\">pontos tur\u00edsticos<\/a> de Cartagena \u00e9 o Castillo de San Felipe de Barajas, um grande forte constru\u00eddo pelos espanh\u00f3is no s\u00e9culo XVI. A cidade oferece uma valiosa bagagem hist\u00f3rica e cultural para voc\u00ea absorver!<\/p>\n\n\n\n<h2 class=\"wp-block-heading\">Outono<\/h2>\n\n\n\n<p>O outono ainda pode ser uma \u00e9poca de alta temporada, especialmente na costa caribenha. J\u00e1 em Bogot\u00e1, a capital do pa\u00eds, o tempo come\u00e7a a esfriar. Al\u00e9m disso, inicia-se o per\u00edodo de chuvas.&nbsp;&nbsp;<\/p>\n\n\n\n<p>Durante todo o ano, Bogot\u00e1 oferece aos turistas uma experi\u00eancia cultural repleta de museus, galerias de arte e eventos culturais. Isso fica ainda melhor no outono, j\u00e1 que n\u00e3o h\u00e1 tantas multid\u00f5es. Ent\u00e3o, essa pode ser a melhor \u00e9poca para viajar para a Col\u00f4mbia e visitar a capital!<\/p>\n\n\n\n<p>Com o clima ameno, os pontos tur\u00edsticos de Bogot\u00e1 est\u00e3o entre os melhores <strong>lugares para conhecer na Col\u00f4mbia<\/strong>. Um deles \u00e9 o centro hist\u00f3rico de La Candelaria, onde h\u00e1 resid\u00eancias e ruas coloniais t\u00edpicas. Outro exemplo \u00e9 o Museu do Ouro, que tem menos filas durante o outono.<\/p>\n\n\n\n<h2 class=\"wp-block-heading\">Inverno<\/h2>\n\n\n\n<p>Se voc\u00ea quer aproveitar festividades e eventos culturais, o inverno \u00e9 a melhor \u00e9poca para viajar para a Col\u00f4mbia! Entre fevereiro e mar\u00e7o, acontece o Carnaval de Barranquilla, realizado na cidade de mesmo nome.<\/p>\n\n\n\n<p>Al\u00e9m de ser um dos mais importantes eventos colombianos, ele \u00e9 reconhecido como Patrim\u00f4nio Cultural Imaterial da Humanidade pela Unesco. Fazendo uma <strong>viagem para a Col\u00f4mbia<\/strong> nesse per\u00edodo, voc\u00ea pode conhecer cores, ritmos, dan\u00e7as e tradi\u00e7\u00f5es que refletem a diversidade do pa\u00eds.&nbsp;<\/p>\n\n\n\n<p>Uma das caracter\u00edsticas mais marcantes do evento \u00e9 a participa\u00e7\u00e3o ativa do p\u00fablico. As pessoas costumam se vestir com trajes coloridos, dan\u00e7ar e se envolver nas festividades, criando uma atmosfera de celebra\u00e7\u00e3o e comunidade.<\/p>\n\n\n\n<h2 class=\"wp-block-heading\">Primavera<\/h2>\n\n\n\n<p>A primavera tamb\u00e9m \u00e9 uma boa \u00e9poca para visitar a Col\u00f4mbia, principalmente para conhecer Medell\u00edn. O destino \u00e9 conhecido como a \u201ccidade da eterna primavera\u201d, com temperaturas moderadas e chuvas sempre intensas. Rodeada de montanhas, a regi\u00e3o tem v\u00e1rios parques, bibliotecas, museus e espa\u00e7os p\u00fablicos.&nbsp;<\/p>\n\n\n\n<p>Medell\u00edn \u00e9 uma excelente op\u00e7\u00e3o para incluir no seu <strong>roteiro de viagem \u00e0 Col\u00f4mbia<\/strong>. As flores da cidade t\u00eam sua pr\u00f3pria feira, o desfile de \u201csilleteros\u201d. Nele, os agricultores prendem arranjos florais nas costas, usando suportes de madeira chamados de \u201csilletas\u201d.&nbsp;<\/p>\n\n\n\n<p>Al\u00e9m disso, vale conhecer a Comuna 13, uma regi\u00e3o de Medell\u00edn com forte influ\u00eancia da arte e da cultura. Por meio de uma uni\u00e3o da comunidade com o governo, o local foi revitalizado, tornando-se um famoso ponto tur\u00edstico.<\/p>\n\n\n\n<h2 class=\"wp-block-heading\">Documentos necess\u00e1rios para viajar \u00e0 Col\u00f4mbia<\/h2>\n\n\n\n<p>Brasileiros n\u00e3o precisam de passaporte para viajar \u00e0 Col\u00f4mbia. Para entrar no pa\u00eds, basta ter o <a href=\"https:\/\/itaseguroviagem.com.br\/blog\/paises-que-nao-precisam-de-passaporte\/\">RG<\/a> em m\u00e3os, desde que ele esteja em bom estado e tenha menos de uma d\u00e9cada. Se o documento estiver danificado, voc\u00ea pode usar o passaporte.<\/p>\n\n\n\n<p>Para entrar na Col\u00f4mbia, o viajante precisa, obrigatoriamente, preencher um formul\u00e1rio online chamado CheckMig. Ele coleta uma s\u00e9rie de dados da viagem, como datas, al\u00e9m de <a href=\"https:\/\/itaseguroviagem.com.br\/blog\/o-que-precisa-para-viajar-para-colombia\/\">informa\u00e7\u00f5es pessoais<\/a>. Tamb\u00e9m \u00e9 necess\u00e1rio apresentar o Certificado Internacional de Vacina\u00e7\u00e3o contra a febre amarela.<\/p>\n\n\n\n<h3 class=\"wp-block-heading\">Seguro viagem<\/h3>\n\n\n\n<p>A Col\u00f4mbia n\u00e3o exige que os turistas tenham um <a href=\"https:\/\/itaseguroviagem.com.br\/blog\/por-que-contratar-um-seguro-viagem-internacional\/\">seguro viagem<\/a> para entrar no pa\u00eds. Mesmo assim, esse tipo de cobertura \u00e9 fundamental em caso de emerg\u00eancias. N\u00e3o d\u00e1 para prever o futuro, por isso, o melhor \u00e9 estar preparado!&nbsp;<\/p>\n\n\n\n<p>O seguro \u00e9 importante n\u00e3o s\u00f3 em emerg\u00eancias m\u00e9dicas, mas tamb\u00e9m em situa\u00e7\u00f5es como atraso de voos e cancelamento de viagens. A ITA Seguro Viagem oferece <a href=\"https:\/\/itaseguroviagem.com.br\/blog\/seguro-viagem-telemedicina\/\">telemedicina<\/a> e assist\u00eancia 24 horas em portugu\u00eas, com f\u00e1cil acesso pelo WhatsApp. Se precisar, voc\u00ea tem certeza de que receber\u00e1 ajuda!<\/p>\n\n\n\n<h2 class=\"wp-block-heading\">Viaje com seguran\u00e7a para a Col\u00f4mbia com a ITA Seguro Viagem<\/h2>\n\n\n\n<p>A melhor \u00e9poca para viajar para a Col\u00f4mbia \u00e9 a que mais combina com voc\u00ea! Conte com o apoio da ITA Seguro Viagem ao visitar o pa\u00eds. Escolha um seguro completo para conhecer o mundo com tranquilidade. Fa\u00e7a sua <a href=\"https:\/\/itaseguroviagem.com.br\/blog\/planos-seguro-viagem-internacional\/seguro-viagem-colombia\">cota\u00e7\u00e3o<\/a> agora e receba todas as informa\u00e7\u00f5es em segundos!<\/p>\n","protected":false},"excerpt":{"rendered":"<p>Decidir qual \u00e9 a melhor \u00e9poca para viajar para a Col\u00f4mbia depende dos seus planos para essa aventura. O pa\u00eds \u00e9 um destino vers\u00e1til e cheio de surpresas, com um clima que varia conforme a regi\u00e3o e a altitude! Escolher o que fazer na Col\u00f4mbia pode parecer dif\u00edcil a princ\u00edpio, j\u00e1 que o pa\u00eds tem [&hellip;]<\/p>\n","protected":false},"author":1,"featured_media":8622,"comment_status":"open","ping_status":"open","sticky":false,"template":"","format":"standard","meta":{"footnotes":""},"categories":[27,25],"tags":[],"class_list":["post-7983","post","type-post","status-publish","format-standard","has-post-thumbnail","hentry","category-america-do-sul","category-melhor-epoca-para-viajar","entry","has-media"],"yoast_head":"<!-- This site is optimized with the Yoast SEO plugin v27.4 - https:\/\/yoast.com\/product\/yoast-seo-wordpress\/ -->\n<title>Qual \u00e9 a melhor \u00e9poca para viajar para a Col\u00f4mbia? Descubra tudo!<\/title>\n<meta name=\"description\" content=\"Veja qual \u00e9 a melhor \u00e9poca para viajar para a Col\u00f4mbia! Tire todas as suas d\u00favidas sobre o destino agora mesmo no blog da ITA Seguro Viagem!\" \/>\n<meta name=\"robots\" content=\"index, follow, max-snippet:-1, max-image-preview:large, max-video-preview:-1\" \/>\n<link rel=\"canonical\" href=\"https:\/\/itaseguroviagem.com.br\/blog\/melhor-epoca-para-viajar-para-colombia\/\" \/>\n<meta property=\"og:locale\" content=\"pt_BR\" \/>\n<meta property=\"og:type\" content=\"article\" \/>\n<meta property=\"og:title\" content=\"Qual \u00e9 a melhor \u00e9poca para viajar para a Col\u00f4mbia? Descubra tudo!\" \/>\n<meta property=\"og:description\" content=\"Veja qual \u00e9 a melhor \u00e9poca para viajar para a Col\u00f4mbia! Tire todas as suas d\u00favidas sobre o destino agora mesmo no blog da ITA Seguro Viagem!\" \/>\n<meta property=\"og:url\" content=\"https:\/\/itaseguroviagem.com.br\/blog\/melhor-epoca-para-viajar-para-colombia\/\" \/>\n<meta property=\"og:site_name\" content=\"Blog ITA Seguro Viagem\" \/>\n<meta property=\"article:published_time\" content=\"2024-10-21T12:51:31+00:00\" \/>\n<meta property=\"article:modified_time\" content=\"2025-10-08T18:40:04+00:00\" \/>\n<meta property=\"og:image\" content=\"https:\/\/itaseguroviagem.com.br\/blog\/wp-content\/uploads\/2025\/09\/shutterstock_2457845009.webp\" \/>\n\t<meta property=\"og:image:width\" content=\"922\" \/>\n\t<meta property=\"og:image:height\" content=\"518\" \/>\n\t<meta property=\"og:image:type\" content=\"image\/webp\" \/>\n<meta name=\"author\" content=\"ITA Seguro Viagem\" \/>\n<meta name=\"twitter:card\" content=\"summary_large_image\" \/>\n<meta name=\"twitter:label1\" content=\"Escrito por\" \/>\n\t<meta name=\"twitter:data1\" content=\"ITA Seguro Viagem\" \/>\n\t<meta name=\"twitter:label2\" content=\"Est. tempo de leitura\" \/>\n\t<meta name=\"twitter:data2\" content=\"5 minutos\" \/>\n<script type=\"application\/ld+json\" class=\"yoast-schema-graph\">{\"@context\":\"https:\\\/\\\/schema.org\",\"@graph\":[{\"@type\":\"Article\",\"@id\":\"https:\\\/\\\/itaseguroviagem.com.br\\\/blog\\\/melhor-epoca-para-viajar-para-colombia\\\/#article\",\"isPartOf\":{\"@id\":\"https:\\\/\\\/itaseguroviagem.com.br\\\/blog\\\/melhor-epoca-para-viajar-para-colombia\\\/\"},\"author\":{\"name\":\"ITA Seguro Viagem\",\"@id\":\"https:\\\/\\\/itaseguroviagem.com.br\\\/blog\\\/#\\\/schema\\\/person\\\/4fefa3ba0bbd61d0d583f365ff1db5e7\"},\"headline\":\"Qual \u00e9 a melhor \u00e9poca para viajar para a Col\u00f4mbia? Descubra tudo sobre o destino!\",\"datePublished\":\"2024-10-21T12:51:31+00:00\",\"dateModified\":\"2025-10-08T18:40:04+00:00\",\"mainEntityOfPage\":{\"@id\":\"https:\\\/\\\/itaseguroviagem.com.br\\\/blog\\\/melhor-epoca-para-viajar-para-colombia\\\/\"},\"wordCount\":918,\"commentCount\":0,\"publisher\":{\"@id\":\"https:\\\/\\\/itaseguroviagem.com.br\\\/blog\\\/#organization\"},\"image\":{\"@id\":\"https:\\\/\\\/itaseguroviagem.com.br\\\/blog\\\/melhor-epoca-para-viajar-para-colombia\\\/#primaryimage\"},\"thumbnailUrl\":\"https:\\\/\\\/itaseguroviagem.com.br\\\/blog\\\/wp-content\\\/uploads\\\/2025\\\/09\\\/shutterstock_2457845009.webp\",\"articleSection\":[\"Am\u00e9rica do Sul\",\"Melhor \u00e9poca para viajar\"],\"inLanguage\":\"pt-BR\",\"potentialAction\":[{\"@type\":\"CommentAction\",\"name\":\"Comment\",\"target\":[\"https:\\\/\\\/itaseguroviagem.com.br\\\/blog\\\/melhor-epoca-para-viajar-para-colombia\\\/#respond\"]}]},{\"@type\":\"WebPage\",\"@id\":\"https:\\\/\\\/itaseguroviagem.com.br\\\/blog\\\/melhor-epoca-para-viajar-para-colombia\\\/\",\"url\":\"https:\\\/\\\/itaseguroviagem.com.br\\\/blog\\\/melhor-epoca-para-viajar-para-colombia\\\/\",\"name\":\"Qual \u00e9 a melhor \u00e9poca para viajar para a Col\u00f4mbia? Descubra tudo!\",\"isPartOf\":{\"@id\":\"https:\\\/\\\/itaseguroviagem.com.br\\\/blog\\\/#website\"},\"primaryImageOfPage\":{\"@id\":\"https:\\\/\\\/itaseguroviagem.com.br\\\/blog\\\/melhor-epoca-para-viajar-para-colombia\\\/#primaryimage\"},\"image\":{\"@id\":\"https:\\\/\\\/itaseguroviagem.com.br\\\/blog\\\/melhor-epoca-para-viajar-para-colombia\\\/#primaryimage\"},\"thumbnailUrl\":\"https:\\\/\\\/itaseguroviagem.com.br\\\/blog\\\/wp-content\\\/uploads\\\/2025\\\/09\\\/shutterstock_2457845009.webp\",\"datePublished\":\"2024-10-21T12:51:31+00:00\",\"dateModified\":\"2025-10-08T18:40:04+00:00\",\"description\":\"Veja qual \u00e9 a melhor \u00e9poca para viajar para a Col\u00f4mbia! Tire todas as suas d\u00favidas sobre o destino agora mesmo no blog da ITA Seguro Viagem!\",\"breadcrumb\":{\"@id\":\"https:\\\/\\\/itaseguroviagem.com.br\\\/blog\\\/melhor-epoca-para-viajar-para-colombia\\\/#breadcrumb\"},\"inLanguage\":\"pt-BR\",\"potentialAction\":[{\"@type\":\"ReadAction\",\"target\":[\"https:\\\/\\\/itaseguroviagem.com.br\\\/blog\\\/melhor-epoca-para-viajar-para-colombia\\\/\"]}]},{\"@type\":\"ImageObject\",\"inLanguage\":\"pt-BR\",\"@id\":\"https:\\\/\\\/itaseguroviagem.com.br\\\/blog\\\/melhor-epoca-para-viajar-para-colombia\\\/#primaryimage\",\"url\":\"https:\\\/\\\/itaseguroviagem.com.br\\\/blog\\\/wp-content\\\/uploads\\\/2025\\\/09\\\/shutterstock_2457845009.webp\",\"contentUrl\":\"https:\\\/\\\/itaseguroviagem.com.br\\\/blog\\\/wp-content\\\/uploads\\\/2025\\\/09\\\/shutterstock_2457845009.webp\",\"width\":922,\"height\":518},{\"@type\":\"BreadcrumbList\",\"@id\":\"https:\\\/\\\/itaseguroviagem.com.br\\\/blog\\\/melhor-epoca-para-viajar-para-colombia\\\/#breadcrumb\",\"itemListElement\":[{\"@type\":\"ListItem\",\"position\":1,\"name\":\"In\u00edcio\",\"item\":\"https:\\\/\\\/itaseguroviagem.com.br\\\/blog\\\/\"},{\"@type\":\"ListItem\",\"position\":2,\"name\":\"Qual \u00e9 a melhor \u00e9poca para viajar para a Col\u00f4mbia? Descubra tudo sobre o destino!\"}]},{\"@type\":\"WebSite\",\"@id\":\"https:\\\/\\\/itaseguroviagem.com.br\\\/blog\\\/#website\",\"url\":\"https:\\\/\\\/itaseguroviagem.com.br\\\/blog\\\/\",\"name\":\"Blog ITA Seguro Viagem\",\"description\":\"\",\"publisher\":{\"@id\":\"https:\\\/\\\/itaseguroviagem.com.br\\\/blog\\\/#organization\"},\"potentialAction\":[{\"@type\":\"SearchAction\",\"target\":{\"@type\":\"EntryPoint\",\"urlTemplate\":\"https:\\\/\\\/itaseguroviagem.com.br\\\/blog\\\/?s={search_term_string}\"},\"query-input\":{\"@type\":\"PropertyValueSpecification\",\"valueRequired\":true,\"valueName\":\"search_term_string\"}}],\"inLanguage\":\"pt-BR\"},{\"@type\":\"Organization\",\"@id\":\"https:\\\/\\\/itaseguroviagem.com.br\\\/blog\\\/#organization\",\"name\":\"Blog ITA Seguro Viagem\",\"url\":\"https:\\\/\\\/itaseguroviagem.com.br\\\/blog\\\/\",\"logo\":{\"@type\":\"ImageObject\",\"inLanguage\":\"pt-BR\",\"@id\":\"https:\\\/\\\/itaseguroviagem.com.br\\\/blog\\\/#\\\/schema\\\/logo\\\/image\\\/\",\"url\":\"https:\\\/\\\/itaseguroviagem.com.br\\\/blog\\\/wp-content\\\/uploads\\\/2025\\\/09\\\/logo-2.png\",\"contentUrl\":\"https:\\\/\\\/itaseguroviagem.com.br\\\/blog\\\/wp-content\\\/uploads\\\/2025\\\/09\\\/logo-2.png\",\"width\":578,\"height\":352,\"caption\":\"Blog ITA Seguro Viagem\"},\"image\":{\"@id\":\"https:\\\/\\\/itaseguroviagem.com.br\\\/blog\\\/#\\\/schema\\\/logo\\\/image\\\/\"}},{\"@type\":\"Person\",\"@id\":\"https:\\\/\\\/itaseguroviagem.com.br\\\/blog\\\/#\\\/schema\\\/person\\\/4fefa3ba0bbd61d0d583f365ff1db5e7\",\"name\":\"ITA Seguro Viagem\",\"image\":{\"@type\":\"ImageObject\",\"inLanguage\":\"pt-BR\",\"@id\":\"https:\\\/\\\/secure.gravatar.com\\\/avatar\\\/73c453784ce6c9b7e6276a97ceaa02e16fe3a221334dea83514d28ad19f8c76f?s=96&d=mm&r=g\",\"url\":\"https:\\\/\\\/secure.gravatar.com\\\/avatar\\\/73c453784ce6c9b7e6276a97ceaa02e16fe3a221334dea83514d28ad19f8c76f?s=96&d=mm&r=g\",\"contentUrl\":\"https:\\\/\\\/secure.gravatar.com\\\/avatar\\\/73c453784ce6c9b7e6276a97ceaa02e16fe3a221334dea83514d28ad19f8c76f?s=96&d=mm&r=g\",\"caption\":\"ITA Seguro Viagem\"},\"sameAs\":[\"https:\\\/\\\/novo.itaseguroviagem.com.br\\\/blog\"]}]}<\/script>\n<!-- \/ Yoast SEO plugin. -->","yoast_head_json":{"title":"Qual \u00e9 a melhor \u00e9poca para viajar para a Col\u00f4mbia? Descubra tudo!","description":"Veja qual \u00e9 a melhor \u00e9poca para viajar para a Col\u00f4mbia! Tire todas as suas d\u00favidas sobre o destino agora mesmo no blog da ITA Seguro Viagem!","robots":{"index":"index","follow":"follow","max-snippet":"max-snippet:-1","max-image-preview":"max-image-preview:large","max-video-preview":"max-video-preview:-1"},"canonical":"https:\/\/itaseguroviagem.com.br\/blog\/melhor-epoca-para-viajar-para-colombia\/","og_locale":"pt_BR","og_type":"article","og_title":"Qual \u00e9 a melhor \u00e9poca para viajar para a Col\u00f4mbia? Descubra tudo!","og_description":"Veja qual \u00e9 a melhor \u00e9poca para viajar para a Col\u00f4mbia! Tire todas as suas d\u00favidas sobre o destino agora mesmo no blog da ITA Seguro Viagem!","og_url":"https:\/\/itaseguroviagem.com.br\/blog\/melhor-epoca-para-viajar-para-colombia\/","og_site_name":"Blog ITA Seguro Viagem","article_published_time":"2024-10-21T12:51:31+00:00","article_modified_time":"2025-10-08T18:40:04+00:00","og_image":[{"width":922,"height":518,"url":"https:\/\/itaseguroviagem.com.br\/blog\/wp-content\/uploads\/2025\/09\/shutterstock_2457845009.webp","type":"image\/webp"}],"author":"ITA Seguro Viagem","twitter_card":"summary_large_image","twitter_misc":{"Escrito por":"ITA Seguro Viagem","Est. tempo de leitura":"5 minutos"},"schema":{"@context":"https:\/\/schema.org","@graph":[{"@type":"Article","@id":"https:\/\/itaseguroviagem.com.br\/blog\/melhor-epoca-para-viajar-para-colombia\/#article","isPartOf":{"@id":"https:\/\/itaseguroviagem.com.br\/blog\/melhor-epoca-para-viajar-para-colombia\/"},"author":{"name":"ITA Seguro Viagem","@id":"https:\/\/itaseguroviagem.com.br\/blog\/#\/schema\/person\/4fefa3ba0bbd61d0d583f365ff1db5e7"},"headline":"Qual \u00e9 a melhor \u00e9poca para viajar para a Col\u00f4mbia? Descubra tudo sobre o destino!","datePublished":"2024-10-21T12:51:31+00:00","dateModified":"2025-10-08T18:40:04+00:00","mainEntityOfPage":{"@id":"https:\/\/itaseguroviagem.com.br\/blog\/melhor-epoca-para-viajar-para-colombia\/"},"wordCount":918,"commentCount":0,"publisher":{"@id":"https:\/\/itaseguroviagem.com.br\/blog\/#organization"},"image":{"@id":"https:\/\/itaseguroviagem.com.br\/blog\/melhor-epoca-para-viajar-para-colombia\/#primaryimage"},"thumbnailUrl":"https:\/\/itaseguroviagem.com.br\/blog\/wp-content\/uploads\/2025\/09\/shutterstock_2457845009.webp","articleSection":["Am\u00e9rica do Sul","Melhor \u00e9poca para viajar"],"inLanguage":"pt-BR","potentialAction":[{"@type":"CommentAction","name":"Comment","target":["https:\/\/itaseguroviagem.com.br\/blog\/melhor-epoca-para-viajar-para-colombia\/#respond"]}]},{"@type":"WebPage","@id":"https:\/\/itaseguroviagem.com.br\/blog\/melhor-epoca-para-viajar-para-colombia\/","url":"https:\/\/itaseguroviagem.com.br\/blog\/melhor-epoca-para-viajar-para-colombia\/","name":"Qual \u00e9 a melhor \u00e9poca para viajar para a Col\u00f4mbia? Descubra tudo!","isPartOf":{"@id":"https:\/\/itaseguroviagem.com.br\/blog\/#website"},"primaryImageOfPage":{"@id":"https:\/\/itaseguroviagem.com.br\/blog\/melhor-epoca-para-viajar-para-colombia\/#primaryimage"},"image":{"@id":"https:\/\/itaseguroviagem.com.br\/blog\/melhor-epoca-para-viajar-para-colombia\/#primaryimage"},"thumbnailUrl":"https:\/\/itaseguroviagem.com.br\/blog\/wp-content\/uploads\/2025\/09\/shutterstock_2457845009.webp","datePublished":"2024-10-21T12:51:31+00:00","dateModified":"2025-10-08T18:40:04+00:00","description":"Veja qual \u00e9 a melhor \u00e9poca para viajar para a Col\u00f4mbia! Tire todas as suas d\u00favidas sobre o destino agora mesmo no blog da ITA Seguro Viagem!","breadcrumb":{"@id":"https:\/\/itaseguroviagem.com.br\/blog\/melhor-epoca-para-viajar-para-colombia\/#breadcrumb"},"inLanguage":"pt-BR","potentialAction":[{"@type":"ReadAction","target":["https:\/\/itaseguroviagem.com.br\/blog\/melhor-epoca-para-viajar-para-colombia\/"]}]},{"@type":"ImageObject","inLanguage":"pt-BR","@id":"https:\/\/itaseguroviagem.com.br\/blog\/melhor-epoca-para-viajar-para-colombia\/#primaryimage","url":"https:\/\/itaseguroviagem.com.br\/blog\/wp-content\/uploads\/2025\/09\/shutterstock_2457845009.webp","contentUrl":"https:\/\/itaseguroviagem.com.br\/blog\/wp-content\/uploads\/2025\/09\/shutterstock_2457845009.webp","width":922,"height":518},{"@type":"BreadcrumbList","@id":"https:\/\/itaseguroviagem.com.br\/blog\/melhor-epoca-para-viajar-para-colombia\/#breadcrumb","itemListElement":[{"@type":"ListItem","position":1,"name":"In\u00edcio","item":"https:\/\/itaseguroviagem.com.br\/blog\/"},{"@type":"ListItem","position":2,"name":"Qual \u00e9 a melhor \u00e9poca para viajar para a Col\u00f4mbia? Descubra tudo sobre o destino!"}]},{"@type":"WebSite","@id":"https:\/\/itaseguroviagem.com.br\/blog\/#website","url":"https:\/\/itaseguroviagem.com.br\/blog\/","name":"Blog ITA Seguro Viagem","description":"","publisher":{"@id":"https:\/\/itaseguroviagem.com.br\/blog\/#organization"},"potentialAction":[{"@type":"SearchAction","target":{"@type":"EntryPoint","urlTemplate":"https:\/\/itaseguroviagem.com.br\/blog\/?s={search_term_string}"},"query-input":{"@type":"PropertyValueSpecification","valueRequired":true,"valueName":"search_term_string"}}],"inLanguage":"pt-BR"},{"@type":"Organization","@id":"https:\/\/itaseguroviagem.com.br\/blog\/#organization","name":"Blog ITA Seguro Viagem","url":"https:\/\/itaseguroviagem.com.br\/blog\/","logo":{"@type":"ImageObject","inLanguage":"pt-BR","@id":"https:\/\/itaseguroviagem.com.br\/blog\/#\/schema\/logo\/image\/","url":"https:\/\/itaseguroviagem.com.br\/blog\/wp-content\/uploads\/2025\/09\/logo-2.png","contentUrl":"https:\/\/itaseguroviagem.com.br\/blog\/wp-content\/uploads\/2025\/09\/logo-2.png","width":578,"height":352,"caption":"Blog ITA Seguro Viagem"},"image":{"@id":"https:\/\/itaseguroviagem.com.br\/blog\/#\/schema\/logo\/image\/"}},{"@type":"Person","@id":"https:\/\/itaseguroviagem.com.br\/blog\/#\/schema\/person\/4fefa3ba0bbd61d0d583f365ff1db5e7","name":"ITA Seguro Viagem","image":{"@type":"ImageObject","inLanguage":"pt-BR","@id":"https:\/\/secure.gravatar.com\/avatar\/73c453784ce6c9b7e6276a97ceaa02e16fe3a221334dea83514d28ad19f8c76f?s=96&d=mm&r=g","url":"https:\/\/secure.gravatar.com\/avatar\/73c453784ce6c9b7e6276a97ceaa02e16fe3a221334dea83514d28ad19f8c76f?s=96&d=mm&r=g","contentUrl":"https:\/\/secure.gravatar.com\/avatar\/73c453784ce6c9b7e6276a97ceaa02e16fe3a221334dea83514d28ad19f8c76f?s=96&d=mm&r=g","caption":"ITA Seguro Viagem"},"sameAs":["https:\/\/novo.itaseguroviagem.com.br\/blog"]}]}},"_links":{"self":[{"href":"https:\/\/itaseguroviagem.com.br\/blog\/wp-json\/wp\/v2\/posts\/7983","targetHints":{"allow":["GET"]}}],"collection":[{"href":"https:\/\/itaseguroviagem.com.br\/blog\/wp-json\/wp\/v2\/posts"}],"about":[{"href":"https:\/\/itaseguroviagem.com.br\/blog\/wp-json\/wp\/v2\/types\/post"}],"author":[{"embeddable":true,"href":"https:\/\/itaseguroviagem.com.br\/blog\/wp-json\/wp\/v2\/users\/1"}],"replies":[{"embeddable":true,"href":"https:\/\/itaseguroviagem.com.br\/blog\/wp-json\/wp\/v2\/comments?post=7983"}],"version-history":[{"count":1,"href":"https:\/\/itaseguroviagem.com.br\/blog\/wp-json\/wp\/v2\/posts\/7983\/revisions"}],"predecessor-version":[{"id":8882,"href":"https:\/\/itaseguroviagem.com.br\/blog\/wp-json\/wp\/v2\/posts\/7983\/revisions\/8882"}],"wp:featuredmedia":[{"embeddable":true,"href":"https:\/\/itaseguroviagem.com.br\/blog\/wp-json\/wp\/v2\/media\/8622"}],"wp:attachment":[{"href":"https:\/\/itaseguroviagem.com.br\/blog\/wp-json\/wp\/v2\/media?parent=7983"}],"wp:term":[{"taxonomy":"category","embeddable":true,"href":"https:\/\/itaseguroviagem.com.br\/blog\/wp-json\/wp\/v2\/categories?post=7983"},{"taxonomy":"post_tag","embeddable":true,"href":"https:\/\/itaseguroviagem.com.br\/blog\/wp-json\/wp\/v2\/tags?post=7983"}],"curies":[{"name":"wp","href":"https:\/\/api.w.org\/{rel}","templated":true}]}}